
{"id":8186,"date":"2024-08-28T16:38:00","date_gmt":"2024-08-28T14:38:00","guid":{"rendered":"http:\/\/www.le-hub.hear.fr\/playurban\/?p=8186"},"modified":"2024-08-28T16:45:13","modified_gmt":"2024-08-28T14:45:13","slug":"seminaire-2024-2025","status":"publish","type":"post","link":"http:\/\/www.le-hub.hear.fr\/playurban\/2024\/08\/seminaire-2024-2025\/","title":{"rendered":"Seminaire 2024-2025"},"content":{"rendered":"<p>S\u00e9minaire Play&gt;Urban 2024-2025.<br \/>\n5 mardis (sous r\u00e9serves) entre octobre 2024 et mars 2025. Ce s\u00e9minaire se joindra \u00e0 l\u2019\u00e9v\u00e9nement organis\u00e9 par la plateforme Faire Mondes (dont fait partie Play&gt;Urban), \u00e0 la Chaufferie, au mois de mars &#8211; avril 2025. L\u2019ensemble participe de la pr\u00e9paration des prochaines r\u00e9sidence, dont Mayotte en 2025.<\/p>\n<p>Journ\u00e9e 1 &#8211; Fondamentaux, AbdouMaliq. Simone et autres textes sur l\u2019urbain.<br \/>\nJourn\u00e9e 2 &#8211; Journ\u00e9e avec Clementine Cluzeaud sur la notion d\u2019espace urbain (sous r\u00e9serves).<br \/>\nJourn\u00e9e 3 &#8211; Lecture de textes (propositions des \u00e9tudiants) &#8211; discussions<br \/>\nJourn\u00e9e 4 &#8211; M\u00e9thodologie de recherche et d\u2019\u00e9criture (Alix de Morant) &#8211; 2 journ\u00e9es.<br \/>\nJourn\u00e9e 5 &#8211; Lecture de textes (propositions des \u00e9tudiants) &#8211; discussions<br \/>\nFaire Mondes &#8211; Chaufferie : venue de l\u2019ENSATT, Lyon pour une journ\u00e9e en commun autour de Play&gt;Urban Mayotte &#8211; pr\u00e9sentation de travaux d\u2019\u00e9tudiants men\u00e9s durant le s\u00e9minaire &#8211; Discussions sur la notion d\u2019enqu\u00eate &#8211; Journ\u00e9e avec Marielle Pelissero (sous r\u00e9serves) sur les esth\u00e9tiques de la socialit\u00e9.<\/p>\n<p>Play&gt;Urban [http:\/\/www.le-hub.hear.fr\/playurban\/] est un programme de recherche &#8211; cr\u00e9ation de l\u2019atelier de Sc\u00e9nographie \u00e0 la HEAR. Depuis 2011, lors de r\u00e9sidences collectives, artistes, enseignants et chercheurs vivent et travaillent en immersion dans des quartiers de villes de par le monde [\u00e0 ce jour Johannesburg, Medellin, Strasbourg, Marseille, Bruxelles et Mayotte]. En croisant les regards d\u2019artistes locaux sur leur ville, leur quartier, leurs vies, avec ceux d\u2019artistes invit\u00e9s, ce programme s\u2019int\u00e9resse aux esth\u00e9tiques de la socialit\u00e9 et aux pratiques artistiques en milieux urbains. Chaque r\u00e9sidence puise dans l\u2019ordinaire de la vie pour inventer des gestes performatifs, de th\u00e9\u00e2tralit\u00e9, des gestes artistiques qui sont autant de r\u00e9cits, de t\u00e9moignages, de sp\u00e9culations nourries des histoires sociales, de tout ce qui fait la singularit\u00e9 du quotidien dans un milieu, l\u2019\u00e9ph\u00e9m\u00e8re, le spontan\u00e9, ce qui se joue dans les gestes, les corps, les musiques, les r\u00eaves et les aspirations, les mani\u00e8res d\u2019\u00eatre ensemble, de b\u00e2tir, de vivre. On pourrait parler d\u2019enqu\u00eates \u00e0 ceci pr\u00e8s qu\u2019elles op\u00e8rent en immersion, agissent directement, sans s\u00e9parer th\u00e9orie et pratique ou passer par une recherche surplombante.<\/p>\n<p>Attentifs \u00e0 l\u2019ordinaire et au remarquable, au(x) style(s) d\u2019une ville, d\u2019un quartier dans lequel nous vivons et travaillons en dialogue, pendant quelques semaines, avec les artistes et les habitants, on observe, \u00e9coute, fait \u00e9merger des r\u00e9cits, des souvenirs, issus aussi bien dans la sph\u00e8re publique que des espaces priv\u00e9s. Cette d\u00e9marche, volontairement horizontale, ouvre sur des possibilit\u00e9s de mise en jeu de la vie de ceux qui le souhaitent. Exp\u00e9rience faite, elle est porteuse de potentiels infinis en termes de cr\u00e9ation, notamment chor\u00e9graphique et performative. On pr\u00eate encore trop peu attention au caract\u00e8re subversif et \u00e0 la puissance des esth\u00e9tiques de la vie quotidienne, la dimension artistique des fa\u00e7ons de faire, ces r\u00e9cits et visions de mondes ordinaires et si singuliers.<\/p>\n<p>&nbsp;<\/p>\n","protected":false},"excerpt":{"rendered":"<p>S\u00e9minaire Play&gt;Urban 2024-2025. 5 mardis (sous r\u00e9serves) entre octobre 2024 et mars 2025. Ce s\u00e9minaire se joindra \u00e0 l\u2019\u00e9v\u00e9nement organis\u00e9 par la plateforme Faire Mondes (dont fait partie Play&gt;Urban), \u00e0 la Chaufferie, au mois de mars &#8211; avril 2025. L\u2019ensemble participe de la pr\u00e9paration des prochaines r\u00e9sidence, dont Mayotte en 2025. Journ\u00e9e 1 &#8211; Fondamentaux, [&hellip;]<\/p>\n","protected":false},"author":68,"featured_media":0,"comment_status":"closed","ping_status":"closed","sticky":false,"template":"","format":"standard","meta":{"footnotes":""},"categories":[27],"tags":[],"class_list":["post-8186","post","type-post","status-publish","format-standard","hentry","category-questions-2"],"_links":{"self":[{"href":"http:\/\/www.le-hub.hear.fr\/playurban\/wp-json\/wp\/v2\/posts\/8186","targetHints":{"allow":["GET"]}}],"collection":[{"href":"http:\/\/www.le-hub.hear.fr\/playurban\/wp-json\/wp\/v2\/posts"}],"about":[{"href":"http:\/\/www.le-hub.hear.fr\/playurban\/wp-json\/wp\/v2\/types\/post"}],"author":[{"embeddable":true,"href":"http:\/\/www.le-hub.hear.fr\/playurban\/wp-json\/wp\/v2\/users\/68"}],"replies":[{"embeddable":true,"href":"http:\/\/www.le-hub.hear.fr\/playurban\/wp-json\/wp\/v2\/comments?post=8186"}],"version-history":[{"count":2,"href":"http:\/\/www.le-hub.hear.fr\/playurban\/wp-json\/wp\/v2\/posts\/8186\/revisions"}],"predecessor-version":[{"id":8196,"href":"http:\/\/www.le-hub.hear.fr\/playurban\/wp-json\/wp\/v2\/posts\/8186\/revisions\/8196"}],"wp:attachment":[{"href":"http:\/\/www.le-hub.hear.fr\/playurban\/wp-json\/wp\/v2\/media?parent=8186"}],"wp:term":[{"taxonomy":"category","embeddable":true,"href":"http:\/\/www.le-hub.hear.fr\/playurban\/wp-json\/wp\/v2\/categories?post=8186"},{"taxonomy":"post_tag","embeddable":true,"href":"http:\/\/www.le-hub.hear.fr\/playurban\/wp-json\/wp\/v2\/tags?post=8186"}],"curies":[{"name":"wp","href":"https:\/\/api.w.org\/{rel}","templated":true}]}}