
{"id":7530,"date":"2023-07-18T08:23:24","date_gmt":"2023-07-18T06:23:24","guid":{"rendered":"http:\/\/www.le-hub.hear.fr\/playurban\/?p=7530"},"modified":"2023-07-20T15:58:33","modified_gmt":"2023-07-20T13:58:33","slug":"strasbourg-neuhof1la-jeep-comme-partenaire","status":"publish","type":"post","link":"http:\/\/www.le-hub.hear.fr\/playurban\/2023\/07\/strasbourg-neuhof1la-jeep-comme-partenaire\/","title":{"rendered":"STRASBOURG-NEUHOF#1<hr>LA JEEP COMME PARTENAIRE"},"content":{"rendered":"<p><a href=\"http:\/\/www.le-hub.hear.fr\/playurban\/wp-content\/uploads\/sites\/3\/2023\/07\/Capture-decran-2023-07-18-a-16.40.56.png\"><img loading=\"lazy\" decoding=\"async\" class=\"alignnone wp-image-7914 size-full\" src=\"http:\/\/www.le-hub.hear.fr\/playurban\/wp-content\/uploads\/sites\/3\/2023\/07\/Capture-decran-2023-07-18-a-16.40.56.png\" alt=\"\" width=\"1066\" height=\"386\" srcset=\"http:\/\/www.le-hub.hear.fr\/playurban\/wp-content\/uploads\/sites\/3\/2023\/07\/Capture-decran-2023-07-18-a-16.40.56.png 1066w, http:\/\/www.le-hub.hear.fr\/playurban\/wp-content\/uploads\/sites\/3\/2023\/07\/Capture-decran-2023-07-18-a-16.40.56-300x109.png 300w, http:\/\/www.le-hub.hear.fr\/playurban\/wp-content\/uploads\/sites\/3\/2023\/07\/Capture-decran-2023-07-18-a-16.40.56-1024x371.png 1024w, http:\/\/www.le-hub.hear.fr\/playurban\/wp-content\/uploads\/sites\/3\/2023\/07\/Capture-decran-2023-07-18-a-16.40.56-768x278.png 768w, http:\/\/www.le-hub.hear.fr\/playurban\/wp-content\/uploads\/sites\/3\/2023\/07\/Capture-decran-2023-07-18-a-16.40.56-299x108.png 299w\" sizes=\"auto, (max-width: 1066px) 100vw, 1066px\" \/><\/a><\/p>\n<p><a href=\"https:\/\/www.jeep.asso.fr\" target=\"_blank\" rel=\"noopener\">L\u2019association J.E.E.P<\/a> ( Jeunes Equipes d\u2019Education Populaire) est une association bas-rhinoise \u0153uvrant principalement dans le domaine de la pr\u00e9vention sp\u00e9cialis\u00e9e, de l\u2019accompagnement des b\u00e9n\u00e9ficiaires du RSA. et des chantiers \u00e9ducatifs<\/p>\n<p>Son action s\u2019\u00e9tend sur 7 territoires du D\u00e9partement\u00a0: Quartiers des \u00c9crivains et du Marais \u00e0 Schiltigheim\/ Bischheim, Erstein, Haguenau, Hautepierre, Meinau, Neuhof.<\/p>\n<p><a href=\"http:\/\/www.le-hub.hear.fr\/playurban\/wp-content\/uploads\/sites\/3\/2023\/07\/DSC2310.jpeg\"><img loading=\"lazy\" decoding=\"async\" class=\"alignnone wp-image-7659 size-full\" src=\"http:\/\/www.le-hub.hear.fr\/playurban\/wp-content\/uploads\/sites\/3\/2023\/07\/DSC2310.jpeg\" alt=\"\" width=\"1280\" height=\"855\" srcset=\"http:\/\/www.le-hub.hear.fr\/playurban\/wp-content\/uploads\/sites\/3\/2023\/07\/DSC2310.jpeg 1280w, http:\/\/www.le-hub.hear.fr\/playurban\/wp-content\/uploads\/sites\/3\/2023\/07\/DSC2310-300x200.jpeg 300w, http:\/\/www.le-hub.hear.fr\/playurban\/wp-content\/uploads\/sites\/3\/2023\/07\/DSC2310-1024x684.jpeg 1024w, http:\/\/www.le-hub.hear.fr\/playurban\/wp-content\/uploads\/sites\/3\/2023\/07\/DSC2310-768x513.jpeg 768w, http:\/\/www.le-hub.hear.fr\/playurban\/wp-content\/uploads\/sites\/3\/2023\/07\/DSC2310-299x200.jpeg 299w\" sizes=\"auto, (max-width: 1280px) 100vw, 1280px\" \/><\/a><\/p>\n<p>Une partie de l&rsquo;\u00e9quipe photographi\u00e9e par Sovianka Pavel lors de la f\u00eate du parc Schulmeister le 3 juin 2023 (de gauche \u00e0 droite, Mondher Abdelkrim, Margot Paupart, Alexia Alibert, Enrico Marengio, Eleonor Plazer&#8230; et ceux absents de l&rsquo;image, Catherine Carteni, Alexis G\u00e9rard, Lucas Ovrouski)<\/p>\n<p><a href=\"http:\/\/www.le-hub.hear.fr\/playurban\/wp-content\/uploads\/sites\/3\/2023\/07\/DSC2314.jpeg\"><img loading=\"lazy\" decoding=\"async\" class=\"alignnone wp-image-7660 \" src=\"http:\/\/www.le-hub.hear.fr\/playurban\/wp-content\/uploads\/sites\/3\/2023\/07\/DSC2314.jpeg\" alt=\"\" width=\"1280\" height=\"855\" srcset=\"http:\/\/www.le-hub.hear.fr\/playurban\/wp-content\/uploads\/sites\/3\/2023\/07\/DSC2314.jpeg 1280w, http:\/\/www.le-hub.hear.fr\/playurban\/wp-content\/uploads\/sites\/3\/2023\/07\/DSC2314-300x200.jpeg 300w, http:\/\/www.le-hub.hear.fr\/playurban\/wp-content\/uploads\/sites\/3\/2023\/07\/DSC2314-1024x684.jpeg 1024w, http:\/\/www.le-hub.hear.fr\/playurban\/wp-content\/uploads\/sites\/3\/2023\/07\/DSC2314-768x513.jpeg 768w, http:\/\/www.le-hub.hear.fr\/playurban\/wp-content\/uploads\/sites\/3\/2023\/07\/DSC2314-299x200.jpeg 299w\" sizes=\"auto, (max-width: 1280px) 100vw, 1280px\" \/><\/a><\/p>\n<p>les m\u00eames avec Zacharie, Jeanne, Noa, Eliott et Agathe&#8230; \u00e9tudiants, \u00e9tudiantes de l&rsquo;atelier de sc\u00e9nographie<\/p>\n<p><a href=\"http:\/\/www.le-hub.hear.fr\/playurban\/wp-content\/uploads\/sites\/3\/2023\/07\/Capture-decran-2023-07-18-a-16.41.56.png\"><img loading=\"lazy\" decoding=\"async\" class=\"alignnone wp-image-7917 size-full\" src=\"http:\/\/www.le-hub.hear.fr\/playurban\/wp-content\/uploads\/sites\/3\/2023\/07\/Capture-decran-2023-07-18-a-16.41.56.png\" alt=\"\" width=\"1050\" height=\"224\" srcset=\"http:\/\/www.le-hub.hear.fr\/playurban\/wp-content\/uploads\/sites\/3\/2023\/07\/Capture-decran-2023-07-18-a-16.41.56.png 1050w, http:\/\/www.le-hub.hear.fr\/playurban\/wp-content\/uploads\/sites\/3\/2023\/07\/Capture-decran-2023-07-18-a-16.41.56-300x64.png 300w, http:\/\/www.le-hub.hear.fr\/playurban\/wp-content\/uploads\/sites\/3\/2023\/07\/Capture-decran-2023-07-18-a-16.41.56-1024x218.png 1024w, http:\/\/www.le-hub.hear.fr\/playurban\/wp-content\/uploads\/sites\/3\/2023\/07\/Capture-decran-2023-07-18-a-16.41.56-768x164.png 768w, http:\/\/www.le-hub.hear.fr\/playurban\/wp-content\/uploads\/sites\/3\/2023\/07\/Capture-decran-2023-07-18-a-16.41.56-299x64.png 299w\" sizes=\"auto, (max-width: 1050px) 100vw, 1050px\" \/><\/a><\/p>\n<p><a href=\"http:\/\/www.le-hub.hear.fr\/playurban\/wp-content\/uploads\/sites\/3\/2023\/07\/20230605_154950.jpeg\"><img loading=\"lazy\" decoding=\"async\" class=\"alignnone wp-image-7658 size-full\" src=\"http:\/\/www.le-hub.hear.fr\/playurban\/wp-content\/uploads\/sites\/3\/2023\/07\/20230605_154950.jpeg\" alt=\"\" width=\"1280\" height=\"960\" srcset=\"http:\/\/www.le-hub.hear.fr\/playurban\/wp-content\/uploads\/sites\/3\/2023\/07\/20230605_154950.jpeg 1280w, http:\/\/www.le-hub.hear.fr\/playurban\/wp-content\/uploads\/sites\/3\/2023\/07\/20230605_154950-300x225.jpeg 300w, http:\/\/www.le-hub.hear.fr\/playurban\/wp-content\/uploads\/sites\/3\/2023\/07\/20230605_154950-1024x768.jpeg 1024w, http:\/\/www.le-hub.hear.fr\/playurban\/wp-content\/uploads\/sites\/3\/2023\/07\/20230605_154950-768x576.jpeg 768w, http:\/\/www.le-hub.hear.fr\/playurban\/wp-content\/uploads\/sites\/3\/2023\/07\/20230605_154950-299x224.jpeg 299w\" sizes=\"auto, (max-width: 1280px) 100vw, 1280px\" \/><\/a><a href=\"http:\/\/www.le-hub.hear.fr\/playurban\/wp-content\/uploads\/sites\/3\/2023\/07\/Capture-decran-2023-07-18-a-10.40.56.jpeg\"><img loading=\"lazy\" decoding=\"async\" class=\"alignnone wp-image-7623 size-full\" src=\"http:\/\/www.le-hub.hear.fr\/playurban\/wp-content\/uploads\/sites\/3\/2023\/07\/Capture-decran-2023-07-18-a-10.40.56.jpeg\" alt=\"\" width=\"1088\" height=\"638\" srcset=\"http:\/\/www.le-hub.hear.fr\/playurban\/wp-content\/uploads\/sites\/3\/2023\/07\/Capture-decran-2023-07-18-a-10.40.56.jpeg 1088w, http:\/\/www.le-hub.hear.fr\/playurban\/wp-content\/uploads\/sites\/3\/2023\/07\/Capture-decran-2023-07-18-a-10.40.56-300x176.jpeg 300w, http:\/\/www.le-hub.hear.fr\/playurban\/wp-content\/uploads\/sites\/3\/2023\/07\/Capture-decran-2023-07-18-a-10.40.56-1024x600.jpeg 1024w, http:\/\/www.le-hub.hear.fr\/playurban\/wp-content\/uploads\/sites\/3\/2023\/07\/Capture-decran-2023-07-18-a-10.40.56-768x450.jpeg 768w, http:\/\/www.le-hub.hear.fr\/playurban\/wp-content\/uploads\/sites\/3\/2023\/07\/Capture-decran-2023-07-18-a-10.40.56-299x175.jpeg 299w\" sizes=\"auto, (max-width: 1088px) 100vw, 1088px\" \/><\/a>3 QUESTIONS \u00c0 LA JEEP<\/p>\n<p>r\u00e9ponses de Mondher Abdelkrim (les autres r\u00e9ponses sont publi\u00e9es dans le n\u00b06 de la revue Play&gt;Urban)<\/p>\n<div class=\"page\" title=\"Page 45\">\n<div class=\"layoutArea\">\n<div class=\"column\">\n<p>Sociologiquement on est passe\u0301 d&rsquo;un quartier ouvrier, comme toutes les cite\u0301s de France et de Navarre, a\u0300 un quartier de rele\u0301gation, ou\u0300 il y a une grosse dominante de personnes avec des minimas sociaux, des proble\u0301matiques sociales. La re\u0301novation urbaine a voulu un peu couper cette logique en mixant l&rsquo;habitat, notamment avec de l&rsquo;acce\u0300s a\u0300 la proprie\u0301te\u0301, etc. Mais la mixite\u0301 sociale n&rsquo;y est pas encore. On est dans une pe\u0301riode ou\u0300 la lutte des classes s&rsquo;est de\u0301lite\u0301e, dans quelque chose qui ne dit pas son nom et qui implose pluto\u0302t qu&rsquo;explose, du point de vue des proble\u0301matiques plus complique\u0301es, etc.<\/p>\n<p>Autour du covid, c&rsquo;est assez inte\u0301ressant. C&rsquo;est en me\u0302me temps un lieu ou\u0300<br \/>\nil y a le plus de proble\u0301matiques sociales, mais c&rsquo;est aussi un lieu ou\u0300 il y a eu le plus de solidarite\u0301s naturelles entre les gens. Des anciens qui ont fait des courses, on prenait des nouvelles, des choses comme c\u0327a. Avec notre regard de travailleurs sociaux on a aussi fait un pas de cote\u0301, c\u0327a nous a permis de voir ces dynamiques d&rsquo;une autre manie\u0300re. Mais je pense qu&rsquo;elles existaient de\u0301ja\u0300 au pre\u0301alable et c&rsquo;est rassurant. En me\u0302me temps me\u0301diatiquement on parlait beaucoup des familles ou\u0300 c\u0327a explose au niveau violence, etc., mais il y a cette part belle qu&rsquo;on oublie de dire et qui e\u0301tait re\u0301elle aussi. Ensuite, il y a ce cote\u0301 rebelle dans les quartiers.<br \/>\nL&rsquo;interdiction de circuler a\u0300 travers les attestations, etc., c&rsquo;e\u0301tait des choses qu&rsquo;on acceptait pas comme c\u0327a. La police a du\u0302 moduler un peu ses interventions, sinon c\u0327a partait au conflit. Elle a du\u0302 essayer d&rsquo;e\u0302tre dans la ne\u0301gociation. Cette pe\u0301riode difficile, psychologiquement, e\u0301conomiquement, tout ce qu&rsquo;on veut, a e\u0301te\u0301 aussi une pe\u0301riode ou\u0300 il y a eu des actions humaines surprenantes, individuelles et de citoyens, avant que c\u0327a ne se passe au niveau associatif. C&rsquo;est comme c\u0327a que j&rsquo;ai envie d&rsquo;en parler.<\/p>\n<p>Autour de ce qui est beau, j&rsquo;entame ma 35e\u0300me anne\u0301e de travailleur<br \/>\nsocial ici. C&rsquo;est un quartier auquel je suis attache\u0301, j&rsquo;ai grandi ici quand j&rsquo;e\u0301tais gamin et je crois qu&rsquo;il y a quelque chose de l&rsquo;humain simple, d&rsquo;affectif direct. On ne tourne pas autour de faux semblants. C&rsquo;est un rapport a\u0300 l&rsquo;autre qui parfois peut e\u0302tre rude, mais qui me semble vrai humainement et fait que je m&rsquo;attache a\u0300 ce quartier.<\/p>\n<p><a href=\"http:\/\/www.le-hub.hear.fr\/playurban\/wp-content\/uploads\/sites\/3\/2023\/07\/Capture-decran-2023-07-18-a-16.46.56.png\"><img loading=\"lazy\" decoding=\"async\" class=\"alignnone wp-image-7931 size-full\" src=\"http:\/\/www.le-hub.hear.fr\/playurban\/wp-content\/uploads\/sites\/3\/2023\/07\/Capture-decran-2023-07-18-a-16.46.56.png\" alt=\"\" width=\"896\" height=\"210\" srcset=\"http:\/\/www.le-hub.hear.fr\/playurban\/wp-content\/uploads\/sites\/3\/2023\/07\/Capture-decran-2023-07-18-a-16.46.56.png 896w, http:\/\/www.le-hub.hear.fr\/playurban\/wp-content\/uploads\/sites\/3\/2023\/07\/Capture-decran-2023-07-18-a-16.46.56-300x70.png 300w, http:\/\/www.le-hub.hear.fr\/playurban\/wp-content\/uploads\/sites\/3\/2023\/07\/Capture-decran-2023-07-18-a-16.46.56-768x180.png 768w, http:\/\/www.le-hub.hear.fr\/playurban\/wp-content\/uploads\/sites\/3\/2023\/07\/Capture-decran-2023-07-18-a-16.46.56-299x70.png 299w\" sizes=\"auto, (max-width: 896px) 100vw, 896px\" \/><\/a><\/p>\n<p><a href=\"http:\/\/www.le-hub.hear.fr\/playurban\/wp-content\/uploads\/sites\/3\/2023\/07\/20230602_185505.jpeg\"><img loading=\"lazy\" decoding=\"async\" class=\"alignnone wp-image-7662 size-full\" src=\"http:\/\/www.le-hub.hear.fr\/playurban\/wp-content\/uploads\/sites\/3\/2023\/07\/20230602_185505.jpeg\" alt=\"\" width=\"1280\" height=\"960\" srcset=\"http:\/\/www.le-hub.hear.fr\/playurban\/wp-content\/uploads\/sites\/3\/2023\/07\/20230602_185505.jpeg 1280w, http:\/\/www.le-hub.hear.fr\/playurban\/wp-content\/uploads\/sites\/3\/2023\/07\/20230602_185505-300x225.jpeg 300w, http:\/\/www.le-hub.hear.fr\/playurban\/wp-content\/uploads\/sites\/3\/2023\/07\/20230602_185505-1024x768.jpeg 1024w, http:\/\/www.le-hub.hear.fr\/playurban\/wp-content\/uploads\/sites\/3\/2023\/07\/20230602_185505-768x576.jpeg 768w, http:\/\/www.le-hub.hear.fr\/playurban\/wp-content\/uploads\/sites\/3\/2023\/07\/20230602_185505-299x224.jpeg 299w\" sizes=\"auto, (max-width: 1280px) 100vw, 1280px\" \/><\/a><\/p>\n\n\t\t<style type=\"text\/css\">\n\t\t\t#gallery-1 {\n\t\t\t\tmargin: auto;\n\t\t\t}\n\t\t\t#gallery-1 .gallery-item {\n\t\t\t\tfloat: left;\n\t\t\t\tmargin-top: 10px;\n\t\t\t\ttext-align: center;\n\t\t\t\twidth: 50%;\n\t\t\t}\n\t\t\t#gallery-1 img {\n\t\t\t\tborder: 2px solid #cfcfcf;\n\t\t\t}\n\t\t\t#gallery-1 .gallery-caption {\n\t\t\t\tmargin-left: 0;\n\t\t\t}\n\t\t\t\/* see gallery_shortcode() in wp-includes\/media.php *\/\n\t\t<\/style>\n\t\t<div id='gallery-1' class='gallery galleryid-7530 gallery-columns-2 gallery-size-medium'><dl class='gallery-item'>\n\t\t\t<dt class='gallery-icon landscape'>\n\t\t\t\t<a href='http:\/\/www.le-hub.hear.fr\/playurban\/2023\/07\/strasbourg-neuhof1la-jeep-comme-partenaire\/20230602_204048\/'><img loading=\"lazy\" decoding=\"async\" width=\"300\" height=\"225\" src=\"http:\/\/www.le-hub.hear.fr\/playurban\/wp-content\/uploads\/sites\/3\/2023\/07\/20230602_204048-300x225.jpeg\" class=\"attachment-medium size-medium\" alt=\"\" srcset=\"http:\/\/www.le-hub.hear.fr\/playurban\/wp-content\/uploads\/sites\/3\/2023\/07\/20230602_204048-300x225.jpeg 300w, http:\/\/www.le-hub.hear.fr\/playurban\/wp-content\/uploads\/sites\/3\/2023\/07\/20230602_204048-1024x768.jpeg 1024w, http:\/\/www.le-hub.hear.fr\/playurban\/wp-content\/uploads\/sites\/3\/2023\/07\/20230602_204048-768x576.jpeg 768w, http:\/\/www.le-hub.hear.fr\/playurban\/wp-content\/uploads\/sites\/3\/2023\/07\/20230602_204048-299x224.jpeg 299w, http:\/\/www.le-hub.hear.fr\/playurban\/wp-content\/uploads\/sites\/3\/2023\/07\/20230602_204048.jpeg 1280w\" sizes=\"auto, (max-width: 300px) 100vw, 300px\" \/><\/a>\n\t\t\t<\/dt><\/dl><dl class='gallery-item'>\n\t\t\t<dt class='gallery-icon landscape'>\n\t\t\t\t<a href='http:\/\/www.le-hub.hear.fr\/playurban\/2023\/07\/strasbourg-neuhof1la-jeep-comme-partenaire\/20230602_204057\/'><img loading=\"lazy\" decoding=\"async\" width=\"300\" height=\"225\" src=\"http:\/\/www.le-hub.hear.fr\/playurban\/wp-content\/uploads\/sites\/3\/2023\/07\/20230602_204057-300x225.jpeg\" class=\"attachment-medium size-medium\" alt=\"\" srcset=\"http:\/\/www.le-hub.hear.fr\/playurban\/wp-content\/uploads\/sites\/3\/2023\/07\/20230602_204057-300x225.jpeg 300w, http:\/\/www.le-hub.hear.fr\/playurban\/wp-content\/uploads\/sites\/3\/2023\/07\/20230602_204057-1024x768.jpeg 1024w, http:\/\/www.le-hub.hear.fr\/playurban\/wp-content\/uploads\/sites\/3\/2023\/07\/20230602_204057-768x576.jpeg 768w, http:\/\/www.le-hub.hear.fr\/playurban\/wp-content\/uploads\/sites\/3\/2023\/07\/20230602_204057-299x224.jpeg 299w, http:\/\/www.le-hub.hear.fr\/playurban\/wp-content\/uploads\/sites\/3\/2023\/07\/20230602_204057.jpeg 1280w\" sizes=\"auto, (max-width: 300px) 100vw, 300px\" \/><\/a>\n\t\t\t<\/dt><\/dl><br style=\"clear: both\" \/>\n\t\t<\/div>\n\n<p><a href=\"http:\/\/www.le-hub.hear.fr\/playurban\/wp-content\/uploads\/sites\/3\/2023\/07\/Capture-decran-2023-07-18-a-16.46.39.png\"><img loading=\"lazy\" decoding=\"async\" class=\"alignnone wp-image-7930 size-full\" src=\"http:\/\/www.le-hub.hear.fr\/playurban\/wp-content\/uploads\/sites\/3\/2023\/07\/Capture-decran-2023-07-18-a-16.46.39.png\" alt=\"\" width=\"1088\" height=\"626\" srcset=\"http:\/\/www.le-hub.hear.fr\/playurban\/wp-content\/uploads\/sites\/3\/2023\/07\/Capture-decran-2023-07-18-a-16.46.39.png 1088w, http:\/\/www.le-hub.hear.fr\/playurban\/wp-content\/uploads\/sites\/3\/2023\/07\/Capture-decran-2023-07-18-a-16.46.39-300x173.png 300w, http:\/\/www.le-hub.hear.fr\/playurban\/wp-content\/uploads\/sites\/3\/2023\/07\/Capture-decran-2023-07-18-a-16.46.39-1024x589.png 1024w, http:\/\/www.le-hub.hear.fr\/playurban\/wp-content\/uploads\/sites\/3\/2023\/07\/Capture-decran-2023-07-18-a-16.46.39-768x442.png 768w, http:\/\/www.le-hub.hear.fr\/playurban\/wp-content\/uploads\/sites\/3\/2023\/07\/Capture-decran-2023-07-18-a-16.46.39-299x172.png 299w\" sizes=\"auto, (max-width: 1088px) 100vw, 1088px\" \/><\/a><\/p>\n<\/div>\n<\/div>\n<\/div>\n","protected":false},"excerpt":{"rendered":"<p>L\u2019association J.E.E.P ( Jeunes Equipes d\u2019Education Populaire) est une association bas-rhinoise \u0153uvrant principalement dans le domaine de la pr\u00e9vention sp\u00e9cialis\u00e9e, de l\u2019accompagnement des b\u00e9n\u00e9ficiaires du RSA. et des chantiers \u00e9ducatifs Son action s\u2019\u00e9tend sur 7 territoires du D\u00e9partement\u00a0: Quartiers des \u00c9crivains et du Marais \u00e0 Schiltigheim\/ Bischheim, Erstein, Haguenau, Hautepierre, Meinau, Neuhof. Une partie de [&hellip;]<\/p>\n","protected":false},"author":68,"featured_media":7661,"comment_status":"closed","ping_status":"closed","sticky":false,"template":"","format":"standard","meta":{"footnotes":""},"categories":[244,240,211],"tags":[],"class_list":["post-7530","post","type-post","status-publish","format-standard","has-post-thumbnail","hentry","category-neuhof-2023","category-playurban-neuhof","category-projets-en-cours"],"_links":{"self":[{"href":"http:\/\/www.le-hub.hear.fr\/playurban\/wp-json\/wp\/v2\/posts\/7530","targetHints":{"allow":["GET"]}}],"collection":[{"href":"http:\/\/www.le-hub.hear.fr\/playurban\/wp-json\/wp\/v2\/posts"}],"about":[{"href":"http:\/\/www.le-hub.hear.fr\/playurban\/wp-json\/wp\/v2\/types\/post"}],"author":[{"embeddable":true,"href":"http:\/\/www.le-hub.hear.fr\/playurban\/wp-json\/wp\/v2\/users\/68"}],"replies":[{"embeddable":true,"href":"http:\/\/www.le-hub.hear.fr\/playurban\/wp-json\/wp\/v2\/comments?post=7530"}],"version-history":[{"count":11,"href":"http:\/\/www.le-hub.hear.fr\/playurban\/wp-json\/wp\/v2\/posts\/7530\/revisions"}],"predecessor-version":[{"id":8149,"href":"http:\/\/www.le-hub.hear.fr\/playurban\/wp-json\/wp\/v2\/posts\/7530\/revisions\/8149"}],"wp:featuredmedia":[{"embeddable":true,"href":"http:\/\/www.le-hub.hear.fr\/playurban\/wp-json\/wp\/v2\/media\/7661"}],"wp:attachment":[{"href":"http:\/\/www.le-hub.hear.fr\/playurban\/wp-json\/wp\/v2\/media?parent=7530"}],"wp:term":[{"taxonomy":"category","embeddable":true,"href":"http:\/\/www.le-hub.hear.fr\/playurban\/wp-json\/wp\/v2\/categories?post=7530"},{"taxonomy":"post_tag","embeddable":true,"href":"http:\/\/www.le-hub.hear.fr\/playurban\/wp-json\/wp\/v2\/tags?post=7530"}],"curies":[{"name":"wp","href":"https:\/\/api.w.org\/{rel}","templated":true}]}}