
{"id":4031,"date":"2021-04-25T22:11:15","date_gmt":"2021-04-25T20:11:15","guid":{"rendered":"http:\/\/www.le-hub.hear.fr\/playurban\/?p=4031"},"modified":"2021-10-09T12:01:02","modified_gmt":"2021-10-09T10:01:02","slug":"extra-ordinaire-2","status":"publish","type":"post","link":"http:\/\/www.le-hub.hear.fr\/playurban\/2021\/04\/extra-ordinaire-2\/","title":{"rendered":"extra ordinaire"},"content":{"rendered":"<p><a href=\"http:\/\/www.le-hub.hear.fr\/playurban\/wp-content\/uploads\/sites\/3\/2021\/04\/Screen-Shot-2019-05-08-at-11.11.00.png\"><img loading=\"lazy\" decoding=\"async\" class=\"alignnone wp-image-4030\" src=\"http:\/\/www.le-hub.hear.fr\/playurban\/wp-content\/uploads\/sites\/3\/2021\/04\/Screen-Shot-2019-05-08-at-11.11.00-204x300.png\" alt=\"\" width=\"300\" height=\"441\" srcset=\"http:\/\/www.le-hub.hear.fr\/playurban\/wp-content\/uploads\/sites\/3\/2021\/04\/Screen-Shot-2019-05-08-at-11.11.00-204x300.png 204w, http:\/\/www.le-hub.hear.fr\/playurban\/wp-content\/uploads\/sites\/3\/2021\/04\/Screen-Shot-2019-05-08-at-11.11.00-697x1024.png 697w, http:\/\/www.le-hub.hear.fr\/playurban\/wp-content\/uploads\/sites\/3\/2021\/04\/Screen-Shot-2019-05-08-at-11.11.00-768x1129.png 768w, http:\/\/www.le-hub.hear.fr\/playurban\/wp-content\/uploads\/sites\/3\/2021\/04\/Screen-Shot-2019-05-08-at-11.11.00-1045x1536.png 1045w, http:\/\/www.le-hub.hear.fr\/playurban\/wp-content\/uploads\/sites\/3\/2021\/04\/Screen-Shot-2019-05-08-at-11.11.00-299x439.png 299w, http:\/\/www.le-hub.hear.fr\/playurban\/wp-content\/uploads\/sites\/3\/2021\/04\/Screen-Shot-2019-05-08-at-11.11.00.png 1150w\" sizes=\"auto, (max-width: 300px) 100vw, 300px\" \/><\/a><\/p>\n<p>Extra Ordinaire \/\u00a0Sc\u00e9nographies Urbaines \u00e0 la Meinau et au Neuhof<\/p>\n<p>R\u00e9sidence \u00e9v\u00e9nement pr\u00e9sent\u00e9e par POLE-SUD CDCN et le collectif ScU2 avec l\u2019Espace Django et la Haute Ecole des Arts du Rhin (HEAR)<\/p>\n<p>Le projet EXTRA ORDINAIRE est n\u00e9 d\u2019une invitation faite par POLE-SUD CDCN au collectif ScU2. Deux autres partenaires se joignent ensuite \u00e0 ce tandem pour r\u00e9aliser ce projet, l\u2019Espace Django au Neuhof, et la HEAR (Haute \u00e9cole des arts du Rhin).<\/p>\n<p>Cette r\u00e9sidence-\u00e9v\u00e8nement est issue d\u2019un ensemble de collaborations entre dix artistes aux horizons et aux pratiques vari\u00e9s ainsi qu&rsquo;un groupe d&rsquo;\u00e9tudiants de l&rsquo;atelier de sc\u00e9nographie de la HEAR et les associations, les centres culturels et les habitants des quartiers de la Meinau et du Neuhof.<br \/>\nLes projets se construisent \u00e0 partir des exp\u00e9riences de chaque artiste dans ces deux quartiers. La plupart d\u2019entre eux ont d\u00e9j\u00e0 eu l\u2019occasion d\u2019effectuer des visites pr\u00e9paratoires en 2018. Des r\u00e9sidences de trois \u00e0 quatre semaines,\u00a0toujours men\u00e9es en lien avec les habitants et les associations ont \u00e9t\u00e9 r\u00e9parties entre janvier et juin 2019. Elles constituent la mise en oeuvre concr\u00e8te de ce projet.<\/p>\n<p>Les propositions singuli\u00e8res qui en r\u00e9sultent ont \u00e9t\u00e9 pr\u00e9sent\u00e9es lors d\u2019un \u00e9v\u00e8nement de trois jours, du 13 au 15 juin 2019, qui s\u2019est d\u00e9roul\u00e9 dans les espaces urbains.<\/p>\n<p>Les projets r\u00e9alis\u00e9s sont visibles sur le site des Sc\u00e9nos Urbaines <a href=\"http:\/\/urbanscenos.org\/?portfolio=strasbourg-2019\" target=\"_blank\" rel=\"noopener\">ici<\/a> ainsi qu&rsquo;<a href=\"http:\/\/www.le-hub.hear.fr\/playurban\/category\/strasbourg-2019-extra-ordinaire\/\">ici<\/a> pour les r\u00e9alisations des \u00e9tudiants<\/p>\n<p><a href=\"http:\/\/www.le-hub.hear.fr\/playurban\/wp-content\/uploads\/sites\/3\/2021\/04\/DP-EXTRA-ORDINAIRE-FINAL.pdf\">dossier de presse \u00e0 t\u00e9l\u00e9charger<\/a><\/p>\n<hr class=\"wp-block-separator\" \/>\n<p>les artistes du projets :<\/p>\n<p>Catherine Boskowitz<br \/>\nBoyzie Cekwana<br \/>\nFanny de Chaill\u00e9<br \/>\nFran\u00e7ois Duconseille<br \/>\nGa\u00ebtan Gromer<br \/>\nAndroa Mindre Kolo<br \/>\nAbdoulaye Tr\u00e9sor Konat\u00e9<br \/>\nJean-Christophe Lanquetin<br \/>\nNina St\u00f8ttrup Larsen<br \/>\nAndr\u00e9ya Ouamba<\/p>\n<p>Des musiciens, metteurs en sc\u00e8ne, chor\u00e9graphes, danseurs, artistes visuels, graphistes et sc\u00e9nographes, tous associ\u00e9s \u00e0 des habitants des quartiers de la Meinau et du Neuhof vous donnent rendez-vous pendant trois jours aux pieds des immeubles, dans les parcs, les rues et les jardins.<\/p>\n<p>A partir de rencontres, de r\u00e9cits, d\u2019images, d\u2019objets, de collectages de toutes sortes, d\u2019\u00e9changes et de partage, ensemble, ils ont travaill\u00e9 pendant plusieurs semaines pour mettre en forme des repr\u00e9sentations et t\u00e9moignages de leurs vies ici et maintenant.<\/p>\n<hr class=\"wp-block-separator\" \/>\n<p>En partenariat avec<br \/>\nle Comit\u00e9 des Peuples<br \/>\nla M\u00e9diath\u00e8que de la Meinau<br \/>\nle Centre Socio-Culturel de la Meinau<br \/>\nla JEEP Meinau<br \/>\nMeinau Services<br \/>\nl\u2019association Femmes Progr\u00e8s<br \/>\nle coll\u00e8ge Lezay Marn\u00e9sia<br \/>\nAmbiance Mauricienne<br \/>\n\u00c9veil Meinau<br \/>\nl\u2019Oasis de la rencontre<br \/>\nAgate<br \/>\nle Centre Social et Culturel du Neuhof<br \/>\nla JEEP Neuhof<br \/>\nLa RESU<br \/>\nl\u2019AFEV<br \/>\nCDC Habitat ADOMA<br \/>\nCUS Habitat<br \/>\nl\u2019association UNIS VERS le SPORT`<br \/>\nle Th\u00e9\u00e2tre Sauve qui Peut<br \/>\nLupovino<br \/>\nSp3ak3r<\/p>\n<p>EXTRA Ordinaire est soutenu dans le cadre du contrat de ville par<br \/>\nla Ville de Strasbourg<br \/>\nle Minist\u00e8re de la Culture et de la Communication \u2013 DRAC Grand Est<\/p>\n<p>EXTRA Ordinaire re\u00e7oit l\u2019aide de<br \/>\nl\u2019ONDA<br \/>\nla Caisse des D\u00e9p\u00f4ts<br \/>\nl\u2019Institut Fran\u00e7ais d\u2019Afrique du Sud<\/p>\n","protected":false},"excerpt":{"rendered":"<p>Extra Ordinaire \/\u00a0Sc\u00e9nographies Urbaines \u00e0 la Meinau et au Neuhof R\u00e9sidence \u00e9v\u00e9nement pr\u00e9sent\u00e9e par POLE-SUD CDCN et le collectif ScU2 avec l\u2019Espace Django et la Haute Ecole des Arts du Rhin (HEAR) Le projet EXTRA ORDINAIRE est n\u00e9 d\u2019une invitation faite par POLE-SUD CDCN au collectif ScU2. Deux autres partenaires se joignent ensuite \u00e0 ce [&hellip;]<\/p>\n","protected":false},"author":68,"featured_media":4030,"comment_status":"closed","ping_status":"closed","sticky":false,"template":"","format":"standard","meta":{"footnotes":""},"categories":[29,172],"tags":[],"class_list":["post-4031","post","type-post","status-publish","format-standard","has-post-thumbnail","hentry","category-actions-urbaines-2","category-strasbourg-extra-ordinaire-2017-2019"],"_links":{"self":[{"href":"http:\/\/www.le-hub.hear.fr\/playurban\/wp-json\/wp\/v2\/posts\/4031","targetHints":{"allow":["GET"]}}],"collection":[{"href":"http:\/\/www.le-hub.hear.fr\/playurban\/wp-json\/wp\/v2\/posts"}],"about":[{"href":"http:\/\/www.le-hub.hear.fr\/playurban\/wp-json\/wp\/v2\/types\/post"}],"author":[{"embeddable":true,"href":"http:\/\/www.le-hub.hear.fr\/playurban\/wp-json\/wp\/v2\/users\/68"}],"replies":[{"embeddable":true,"href":"http:\/\/www.le-hub.hear.fr\/playurban\/wp-json\/wp\/v2\/comments?post=4031"}],"version-history":[{"count":8,"href":"http:\/\/www.le-hub.hear.fr\/playurban\/wp-json\/wp\/v2\/posts\/4031\/revisions"}],"predecessor-version":[{"id":4230,"href":"http:\/\/www.le-hub.hear.fr\/playurban\/wp-json\/wp\/v2\/posts\/4031\/revisions\/4230"}],"wp:featuredmedia":[{"embeddable":true,"href":"http:\/\/www.le-hub.hear.fr\/playurban\/wp-json\/wp\/v2\/media\/4030"}],"wp:attachment":[{"href":"http:\/\/www.le-hub.hear.fr\/playurban\/wp-json\/wp\/v2\/media?parent=4031"}],"wp:term":[{"taxonomy":"category","embeddable":true,"href":"http:\/\/www.le-hub.hear.fr\/playurban\/wp-json\/wp\/v2\/categories?post=4031"},{"taxonomy":"post_tag","embeddable":true,"href":"http:\/\/www.le-hub.hear.fr\/playurban\/wp-json\/wp\/v2\/tags?post=4031"}],"curies":[{"name":"wp","href":"https:\/\/api.w.org\/{rel}","templated":true}]}}