
{"id":3897,"date":"2021-04-19T23:40:21","date_gmt":"2021-04-19T21:40:21","guid":{"rendered":"http:\/\/www.le-hub.hear.fr\/playurban\/?p=3897"},"modified":"2021-10-09T12:09:29","modified_gmt":"2021-10-09T10:09:29","slug":"le-marche-de-la-meinau-9","status":"publish","type":"post","link":"http:\/\/www.le-hub.hear.fr\/playurban\/2021\/04\/le-marche-de-la-meinau-9\/","title":{"rendered":"LE MARCH\u00c9 DE LA MEINAU<hr> Chlo\u00e9 MARLIOT<\/hr>"},"content":{"rendered":"<p><a href=\"http:\/\/www.le-hub.hear.fr\/playurban\/wp-content\/uploads\/sites\/3\/2021\/04\/def-5-collant--scaled.jpg\"><img loading=\"lazy\" decoding=\"async\" class=\"alignnone size-medium wp-image-3901\" src=\"http:\/\/www.le-hub.hear.fr\/playurban\/wp-content\/uploads\/sites\/3\/2021\/04\/def-5-collant--200x300.jpg\" alt=\"\" width=\"200\" height=\"300\" srcset=\"http:\/\/www.le-hub.hear.fr\/playurban\/wp-content\/uploads\/sites\/3\/2021\/04\/def-5-collant--200x300.jpg 200w, http:\/\/www.le-hub.hear.fr\/playurban\/wp-content\/uploads\/sites\/3\/2021\/04\/def-5-collant--683x1024.jpg 683w, http:\/\/www.le-hub.hear.fr\/playurban\/wp-content\/uploads\/sites\/3\/2021\/04\/def-5-collant--768x1152.jpg 768w, http:\/\/www.le-hub.hear.fr\/playurban\/wp-content\/uploads\/sites\/3\/2021\/04\/def-5-collant--1024x1536.jpg 1024w, http:\/\/www.le-hub.hear.fr\/playurban\/wp-content\/uploads\/sites\/3\/2021\/04\/def-5-collant--1365x2048.jpg 1365w, http:\/\/www.le-hub.hear.fr\/playurban\/wp-content\/uploads\/sites\/3\/2021\/04\/def-5-collant--299x449.jpg 299w, http:\/\/www.le-hub.hear.fr\/playurban\/wp-content\/uploads\/sites\/3\/2021\/04\/def-5-collant--scaled.jpg 1707w\" sizes=\"auto, (max-width: 200px) 100vw, 200px\" \/><\/a><\/p>\n<p>Peau fil\u00e9e<\/p>\n<p>Coudre des angoisses<\/p>\n<p>Porter des bas couleur chair sous ma robe.<\/p>\n<p>Se positionner dans le march\u00e9 de la Meinau \u00e0 Strasbourg.<\/p>\n<p>Choisir une couleur de fil \u00e0 broder en fonction de ce qu\u2019il y a autour.<\/p>\n<p>Coudre une sensation, un mot entendu, une forme observ\u00e9e.<\/p>\n<p>Contorsionner mon corps pour y parvenir.<\/p>\n<p>Au d\u00e9part, j\u2019\u00e9tais anim\u00e9e par beaucoup de doutes et d\u2019anxi\u00e9t\u00e9 \u00e0 l\u2019id\u00e9e d\u2019\u00eatre au march\u00e9, le contact avec les gens me semblait difficile &#8230; Avec ce projet, ce sont les gens qui viennent \u00e0 moi. Coudre une sensation est ma ligne directrice, \u00e0 partir de l\u00e0, ils s\u2019inventent leur propre histoire. Je n\u2019ai pas eu besoin de dire grand chose, les gens se persuadent eux m\u00eames que c\u2019est ma v\u00e9ritable peau. Il a suffit ensuite de jouer entre les lignes.<\/p>\n<p>&#8211; Cela ne vous fait pas mal ?<\/p>\n<p>&#8211; Non pas du tout.<span class=\"Apple-converted-space\">\u00a0<\/span><\/p>\n<p>&#8211; Mais vous ne saignez jamais ?<\/p>\n<p>&#8211; Non, cette peau ne saigne pas.<\/p>\n<p>&#8211; Vous avez une technique sp\u00e9ciale ?<span class=\"Apple-converted-space\">\u00a0<\/span><\/p>\n<p>&#8211; J\u2019y vais plut\u00f4t \u00e0 l\u2019intuition je fais comme \u00e7a vient.<\/p>\n<p>Il y a ceux qui regardent du coin de l\u2019\u0153il, ceux qui s\u2019arr\u00eatent pour observer et les autres, qui entrent en contact. Les gens sont curieux, surpris et heureux de savoir qu\u2019ils font partie de l\u2019\u0153uvre. Je brode ce que je vois, ce que j\u2019entends, ou ce que l\u2019on me dit de broder. Je brode aussi l\u2019invisible, tout ce qui se passe au moment o\u00f9 je r\u00e9alise la performance est pr\u00e9sent sur ma \u00abpeau\u00bb, m\u00eame si c\u2019est de mani\u00e8re invisible. Tous les individus que je croise en font partie, ils ont pos\u00e9 leurs yeux dessus. Pour moi il s\u2019agit d\u2019ouvrir une porte \u00e0 la rencontre, sans pour autant lui forcer la main. Je me d\u00e9tache en d\u00e9chargeant mes pens\u00e9es sur le fil et l\u2019aiguille. La peau devient le pont entre eux et moi. Cela nous donne un but commun et favorise la discussion.<\/p>\n\n\t\t<style type=\"text\/css\">\n\t\t\t#gallery-1 {\n\t\t\t\tmargin: auto;\n\t\t\t}\n\t\t\t#gallery-1 .gallery-item {\n\t\t\t\tfloat: left;\n\t\t\t\tmargin-top: 10px;\n\t\t\t\ttext-align: center;\n\t\t\t\twidth: 33%;\n\t\t\t}\n\t\t\t#gallery-1 img {\n\t\t\t\tborder: 2px solid #cfcfcf;\n\t\t\t}\n\t\t\t#gallery-1 .gallery-caption {\n\t\t\t\tmargin-left: 0;\n\t\t\t}\n\t\t\t\/* see gallery_shortcode() in wp-includes\/media.php *\/\n\t\t<\/style>\n\t\t<div id='gallery-1' class='gallery galleryid-3897 gallery-columns-3 gallery-size-thumbnail'><dl class='gallery-item'>\n\t\t\t<dt class='gallery-icon landscape'>\n\t\t\t\t<a href='http:\/\/www.le-hub.hear.fr\/playurban\/2021\/04\/le-marche-de-la-meinau-9\/def-vmarche-3\/'><img loading=\"lazy\" decoding=\"async\" width=\"150\" height=\"150\" src=\"http:\/\/www.le-hub.hear.fr\/playurban\/wp-content\/uploads\/sites\/3\/2021\/04\/def-vmarche-3-150x150.jpg\" class=\"attachment-thumbnail size-thumbnail\" alt=\"\" \/><\/a>\n\t\t\t<\/dt><\/dl><dl class='gallery-item'>\n\t\t\t<dt class='gallery-icon landscape'>\n\t\t\t\t<a href='http:\/\/www.le-hub.hear.fr\/playurban\/2021\/04\/le-marche-de-la-meinau-9\/def-marche\/'><img loading=\"lazy\" decoding=\"async\" width=\"150\" height=\"150\" src=\"http:\/\/www.le-hub.hear.fr\/playurban\/wp-content\/uploads\/sites\/3\/2021\/04\/def-marche-150x150.jpg\" class=\"attachment-thumbnail size-thumbnail\" alt=\"\" \/><\/a>\n\t\t\t<\/dt><\/dl><dl class='gallery-item'>\n\t\t\t<dt class='gallery-icon landscape'>\n\t\t\t\t<a href='http:\/\/www.le-hub.hear.fr\/playurban\/2021\/04\/le-marche-de-la-meinau-9\/def-marche-1\/'><img loading=\"lazy\" decoding=\"async\" width=\"150\" height=\"150\" src=\"http:\/\/www.le-hub.hear.fr\/playurban\/wp-content\/uploads\/sites\/3\/2021\/04\/def-marche-1-150x150.jpg\" class=\"attachment-thumbnail size-thumbnail\" alt=\"\" \/><\/a>\n\t\t\t<\/dt><\/dl><br style=\"clear: both\" \/>\n\t\t<\/div>\n\n<p>&nbsp;<\/p>\n","protected":false},"excerpt":{"rendered":"<p>Peau fil\u00e9e Coudre des angoisses Porter des bas couleur chair sous ma robe. Se positionner dans le march\u00e9 de la Meinau \u00e0 Strasbourg. Choisir une couleur de fil \u00e0 broder en fonction de ce qu\u2019il y a autour. Coudre une sensation, un mot entendu, une forme observ\u00e9e. Contorsionner mon corps pour y parvenir. Au d\u00e9part, [&hellip;]<\/p>\n","protected":false},"author":68,"featured_media":3904,"comment_status":"closed","ping_status":"closed","sticky":false,"template":"","format":"standard","meta":{"footnotes":""},"categories":[29,172],"tags":[],"class_list":["post-3897","post","type-post","status-publish","format-standard","has-post-thumbnail","hentry","category-actions-urbaines-2","category-strasbourg-extra-ordinaire-2017-2019"],"_links":{"self":[{"href":"http:\/\/www.le-hub.hear.fr\/playurban\/wp-json\/wp\/v2\/posts\/3897","targetHints":{"allow":["GET"]}}],"collection":[{"href":"http:\/\/www.le-hub.hear.fr\/playurban\/wp-json\/wp\/v2\/posts"}],"about":[{"href":"http:\/\/www.le-hub.hear.fr\/playurban\/wp-json\/wp\/v2\/types\/post"}],"author":[{"embeddable":true,"href":"http:\/\/www.le-hub.hear.fr\/playurban\/wp-json\/wp\/v2\/users\/68"}],"replies":[{"embeddable":true,"href":"http:\/\/www.le-hub.hear.fr\/playurban\/wp-json\/wp\/v2\/comments?post=3897"}],"version-history":[{"count":7,"href":"http:\/\/www.le-hub.hear.fr\/playurban\/wp-json\/wp\/v2\/posts\/3897\/revisions"}],"predecessor-version":[{"id":4149,"href":"http:\/\/www.le-hub.hear.fr\/playurban\/wp-json\/wp\/v2\/posts\/3897\/revisions\/4149"}],"wp:featuredmedia":[{"embeddable":true,"href":"http:\/\/www.le-hub.hear.fr\/playurban\/wp-json\/wp\/v2\/media\/3904"}],"wp:attachment":[{"href":"http:\/\/www.le-hub.hear.fr\/playurban\/wp-json\/wp\/v2\/media?parent=3897"}],"wp:term":[{"taxonomy":"category","embeddable":true,"href":"http:\/\/www.le-hub.hear.fr\/playurban\/wp-json\/wp\/v2\/categories?post=3897"},{"taxonomy":"post_tag","embeddable":true,"href":"http:\/\/www.le-hub.hear.fr\/playurban\/wp-json\/wp\/v2\/tags?post=3897"}],"curies":[{"name":"wp","href":"https:\/\/api.w.org\/{rel}","templated":true}]}}