
{"id":3862,"date":"2021-04-19T23:29:59","date_gmt":"2021-04-19T21:29:59","guid":{"rendered":"http:\/\/www.le-hub.hear.fr\/playurban\/?p=3862"},"modified":"2021-10-09T12:10:02","modified_gmt":"2021-10-09T10:10:02","slug":"le-marche-de-la-meinau-amelie-bulties","status":"publish","type":"post","link":"http:\/\/www.le-hub.hear.fr\/playurban\/2021\/04\/le-marche-de-la-meinau-amelie-bulties\/","title":{"rendered":"LE MARCH\u00c9 DE LA MEINAU <hr> Am\u00e9lie BULTIES<\/hr>"},"content":{"rendered":"<p><b><a href=\"http:\/\/www.le-hub.hear.fr\/playurban\/wp-content\/uploads\/sites\/3\/2021\/04\/egyptien.jpg\"><img loading=\"lazy\" decoding=\"async\" class=\"alignnone size-medium wp-image-3863\" src=\"http:\/\/www.le-hub.hear.fr\/playurban\/wp-content\/uploads\/sites\/3\/2021\/04\/egyptien-300x199.jpg\" alt=\"\" width=\"300\" height=\"199\" srcset=\"http:\/\/www.le-hub.hear.fr\/playurban\/wp-content\/uploads\/sites\/3\/2021\/04\/egyptien-300x199.jpg 300w, http:\/\/www.le-hub.hear.fr\/playurban\/wp-content\/uploads\/sites\/3\/2021\/04\/egyptien-768x508.jpg 768w, http:\/\/www.le-hub.hear.fr\/playurban\/wp-content\/uploads\/sites\/3\/2021\/04\/egyptien-299x198.jpg 299w, http:\/\/www.le-hub.hear.fr\/playurban\/wp-content\/uploads\/sites\/3\/2021\/04\/egyptien.jpg 899w\" sizes=\"auto, (max-width: 300px) 100vw, 300px\" \/><\/a><\/b><\/p>\n<p><b>Man\u00e8ge<\/b><\/p>\n<p>Dispositif audio de diffusion par casque pour entendre les bruits, voix multiples du march\u00e9, dans un contexte intimiste, permettant de se l\u2019approprier en acc\u00e9dant \u00e0 sa propre int\u00e9riorit\u00e9. Comment un contexte d\u2019\u00e9changes et de partages peut produire des sentiments paradoxaux et amener \u00e0 une remise en question sur soi m\u00eame\u00a0?<span class=\"Apple-converted-space\">\u00a0<\/span><\/p>\n<p>Le march\u00e9 de la Meinau est un petit monde concentr\u00e9 en un point, il y a les couleurs, les mati\u00e8res, les bruits, les personnes, les langues, les intonations\u2026 tout un ensemble organis\u00e9, \u00e9tudi\u00e9, am\u00e9nag\u00e9 pour favoriser les \u00e9changes entre chacun, commer\u00e7ants et acheteurs, monsieur et madame, enfants et parents. Des instants de partages o\u00f9 des liens, des amiti\u00e9s, des habitudes se cr\u00e9ent.<\/p>\n<p>C\u2019est un m\u00e9lange de cultures et d\u2019histoires comme celle de ce commer\u00e7ant \u00e9gyptien dont j\u2019ai dessin\u00e9 le portrait\u00a0; il m\u2019a parl\u00e9 de sa vie, avant, ailleurs et ici, du march\u00e9 maintenant&#8230;<\/p>\n<p>Le march\u00e9 est un ensemble \u00e9ph\u00e9m\u00e8re de tables, de tr\u00e9teaux et de chaises, en un instant, tout prend forme et devient vivant, en un labyrinthe instable. Au milieu de ces structures individuelles et fragiles que je per\u00e7ois comme des murailles infranchissables, dessinant un chemin dans lequel je m\u2019enfonce, sans autre choix que d\u2019avancer jusqu\u2019au bout pour enfin trouver une issue. En cette atmosph\u00e8re bienveillante et familiale, je ressens un malaise inexpliqu\u00e9 qui se r\u00e9p\u00e8te depuis ma premi\u00e8re visite.<\/p>\n<p>J\u2019ai l\u2019impression d\u2019\u00eatre enferm\u00e9e dans un labyrinthe. Je sens comme un poids au-dessus de ma t\u00eate, je sens mes pas entra\u00een\u00e9s par la houle des passants autour de moi, je me retrouve comme dans un man\u00e8ge, bloqu\u00e9e dans une dynamique, un module tournant sans cesse, sans moyen de m\u2019\u00e9chapper. Je me sens stimul\u00e9e de toutes parts, trop et partout \u00e0 la fois. Les couleurs vives, les bruits et les voix qui surgissent instantan\u00e9ment, cr\u00e9ent des rythmes saccad\u00e9s. Les regards entrecrois\u00e9s, les appels et ma voix qui ne porte pas assez pour que l\u2019on m\u2019entende, je me sens noy\u00e9e, perdue, sans pouvoir aller \u00e0 l\u2019encontre de cette vague immense.<\/p>\n<p>Puis, peu \u00e0 peu, certaines choses me paraissent plus claires\u00a0; le probl\u00e8me doit venir de moi.<\/p>\n<p>Je suis ext\u00e9rieure de cette dynamique, tout va trop vite pour moi, trop de choses arrivent en m\u00eame temps, je ne sais pas prendre le temps. Je fuis, j\u2019effectue des passages r\u00e9p\u00e9t\u00e9s, toujours dans la m\u00eame direction, par ce que j\u2019ai la sensation que je n\u2019ai pas d\u2019autres choix que de suivre cette ligne marqu\u00e9e.<span class=\"Apple-converted-space\">\u00a0 <\/span>Parfois, je m\u2019arr\u00eate quelques instants, le temps d\u2019un \u00e9change. Un sourire, ou des gros yeux. Lorsque je croise un visage connu, je me sens comme prise la main dans le sac, en plein d\u00e9lit de fuite. Et pourtant, il y a tout ces d\u00e9tails qui m\u2019attirent, mais je suis submerg\u00e9e par cette force qui m\u2019\u00e9crase. Il y a aussi ces moments plus calmes, o\u00f9 je prends le temps d\u2019observer et de ressentir les choses. Ce sont les souvenirs et le recul qui me font voir ce que je n\u2019ai pas aper\u00e7u sur le moment, il faut y revenir. Le march\u00e9 est une r\u00e9p\u00e9tition, il se construit tous les jours sur une m\u00eame base, pourtant ne vit jamais de la m\u00eame fa\u00e7on. Alors que je revenais chaque fois avec cette m\u00eame sensation, cette m\u00eame barri\u00e8re inconsciemment cr\u00e9\u00e9e, je ne me rendais pas compte que je n\u2019\u00e9tais pas une \u00ab\u00a0pi\u00e8ce \u00e0 part\u00a0\u00bb du march\u00e9, mais que je faisais partie de sa dynamique et contribuais \u00e0 son mouvement, que j\u2019y avais un r\u00f4le involontaire et longtemps fui.<\/p>\n","protected":false},"excerpt":{"rendered":"<p>Man\u00e8ge Dispositif audio de diffusion par casque pour entendre les bruits, voix multiples du march\u00e9, dans un contexte intimiste, permettant de se l\u2019approprier en acc\u00e9dant \u00e0 sa propre int\u00e9riorit\u00e9. Comment un contexte d\u2019\u00e9changes et de partages peut produire des sentiments paradoxaux et amener \u00e0 une remise en question sur soi m\u00eame\u00a0?\u00a0 Le march\u00e9 de la [&hellip;]<\/p>\n","protected":false},"author":68,"featured_media":3863,"comment_status":"closed","ping_status":"closed","sticky":false,"template":"","format":"standard","meta":{"footnotes":""},"categories":[29,172],"tags":[],"class_list":["post-3862","post","type-post","status-publish","format-standard","has-post-thumbnail","hentry","category-actions-urbaines-2","category-strasbourg-extra-ordinaire-2017-2019"],"_links":{"self":[{"href":"http:\/\/www.le-hub.hear.fr\/playurban\/wp-json\/wp\/v2\/posts\/3862","targetHints":{"allow":["GET"]}}],"collection":[{"href":"http:\/\/www.le-hub.hear.fr\/playurban\/wp-json\/wp\/v2\/posts"}],"about":[{"href":"http:\/\/www.le-hub.hear.fr\/playurban\/wp-json\/wp\/v2\/types\/post"}],"author":[{"embeddable":true,"href":"http:\/\/www.le-hub.hear.fr\/playurban\/wp-json\/wp\/v2\/users\/68"}],"replies":[{"embeddable":true,"href":"http:\/\/www.le-hub.hear.fr\/playurban\/wp-json\/wp\/v2\/comments?post=3862"}],"version-history":[{"count":2,"href":"http:\/\/www.le-hub.hear.fr\/playurban\/wp-json\/wp\/v2\/posts\/3862\/revisions"}],"predecessor-version":[{"id":4152,"href":"http:\/\/www.le-hub.hear.fr\/playurban\/wp-json\/wp\/v2\/posts\/3862\/revisions\/4152"}],"wp:featuredmedia":[{"embeddable":true,"href":"http:\/\/www.le-hub.hear.fr\/playurban\/wp-json\/wp\/v2\/media\/3863"}],"wp:attachment":[{"href":"http:\/\/www.le-hub.hear.fr\/playurban\/wp-json\/wp\/v2\/media?parent=3862"}],"wp:term":[{"taxonomy":"category","embeddable":true,"href":"http:\/\/www.le-hub.hear.fr\/playurban\/wp-json\/wp\/v2\/categories?post=3862"},{"taxonomy":"post_tag","embeddable":true,"href":"http:\/\/www.le-hub.hear.fr\/playurban\/wp-json\/wp\/v2\/tags?post=3862"}],"curies":[{"name":"wp","href":"https:\/\/api.w.org\/{rel}","templated":true}]}}